{"id":3421,"date":"2022-06-07T16:02:52","date_gmt":"2022-06-07T14:02:52","guid":{"rendered":"https:\/\/vivim.es\/nueva-web-vivim\/"},"modified":"2022-06-07T16:04:24","modified_gmt":"2022-06-07T14:04:24","slug":"nueva-web-vivim","status":"publish","type":"post","link":"https:\/\/vivim.es\/ca\/nueva-web-vivim\/","title":{"rendered":"Nova web VIVIM"},"content":{"rendered":"<p>A Vivim estem d&#8217;enhorabona! Coincidint amb l&#8217;entrada de l&#8217;estiu, estrenem nova web amb un disseny m\u00e9s funcional, modern i atractiu.<\/p>\n<p>Aprofitem el llan\u00e7ament de la web per a anunciar una nova etapa de creixement de l&#8217;empresa. En tot just unes setmanes, comptarem amb deu promocions en construcci\u00f3 paral\u00b7lelament, la qual cosa suposar\u00e0 una oferta de m\u00e9s de 125 habitatges.<\/p>\n<p>La nova web, actualitzada di\u00e0riament, posa a la disposici\u00f3 dels nostres clients totes les facilitats per a accedir a la informaci\u00f3 de les opcions d&#8217;habitatges. En ella es mostren les nostres promocions en construcci\u00f3, per\u00f2 tamb\u00e9 les promocions ja acabades, amb fotografies reals que mostren els resultats finals, i futures promocions, en les quals, si aix\u00ed ho desitges, et contactarem quan inici\u00ef la comercialitzaci\u00f3. A m\u00e9s, amb el nou mapa interactiu de les diferents promocions, pots trobar aquella que m\u00e9s s&#8217;aproximi a la teva localitzaci\u00f3 ideal.<\/p>\n<p>Amb l&#8217;entrada d&#8217;aquesta nova web Vivim cerca fer un pas m\u00e9s en el tracte i proximitat amb el client. Per a aix\u00f2 s&#8217;habilita el nou espai de not\u00edcies -blog-, on els usuaris podran\u00a0<span class=\"hiddenGreenError\" style=\"padding-bottom: 2px; background-image: url('..\/..\/..\/..\/..\/images\/squiggle_green.png'); background-repeat: repeat-x; background-position: left bottom; cursor: default; color: #000000; font-family: 'Open Sans', Helvetica, Arial, sans-serif; font-size: 16px; font-style: normal; font-variant-ligatures: normal; font-variant-caps: normal; font-weight: 300; letter-spacing: normal; orphans: 2; text-align: start; text-indent: 0px; text-transform: none; white-space: normal; widows: 2; word-spacing: 0px; -webkit-text-stroke-width: 0px; text-decoration-thickness: initial; text-decoration-style: initial; text-decoration-color: initial;\">trobar<\/span>\u00a0les \u00faltimes novetats: noves adquisicions de solars, futurs nous projectes, inicis d&#8217;obres i de comercialitzaci\u00f3, avan\u00e7os de les obres, \u00faltims habitatges a la venda i altres relats d&#8217;inter\u00e8s. Es mantindr\u00e0, tamb\u00e9, una interrelaci\u00f3 amb les xarxes socials d&#8217;Instagram i LinkedIn de\u00a0<span class=\"hiddenGrammarError\" style=\"padding-bottom: 2px; background-image: url('..\/..\/..\/..\/..\/images\/squiggle.png'); background-repeat: repeat-x; background-position: left bottom; cursor: default; color: #000000; font-family: 'Open Sans', Helvetica, Arial, sans-serif; font-size: 16px; font-style: normal; font-variant-ligatures: normal; font-variant-caps: normal; font-weight: 300; letter-spacing: normal; orphans: 2; text-align: start; text-indent: 0px; text-transform: none; white-space: normal; widows: 2; word-spacing: 0px; -webkit-text-stroke-width: 0px; text-decoration-thickness: initial; text-decoration-style: initial; text-decoration-color: initial;\">Vivim<\/span>, on es mostren noves fotos, v\u00eddeos o informaci\u00f3 di\u00e0riament.<\/p>\n<p>Vivim, junts construirem la llar dels teus somnis.<\/p>\n","protected":false},"excerpt":{"rendered":"<p>A Vivim estem d&#8217;enhorabona! Coincidint amb l&#8217;entrada de l&#8217;estiu, estrenem nova web amb un disseny m\u00e9s funcional, modern i atractiu. Aprofitem el llan\u00e7ament de la web per a anunciar una nova etapa de creixement de l&#8217;empresa. En tot just unes setmanes, comptarem amb deu promocions en construcci\u00f3 paral\u00b7lelament, la qual cosa suposar\u00e0 una oferta de [&hellip;]<\/p>\n","protected":false},"author":1,"featured_media":3415,"comment_status":"open","ping_status":"open","sticky":false,"template":"","format":"standard","meta":{"_acf_changed":false,"footnotes":""},"categories":[13],"tags":[],"class_list":["post-3421","post","type-post","status-publish","format-standard","has-post-thumbnail","hentry","category-uncategorized-ca"],"acf":[],"yoast_head":"<!-- This site is optimized with the Yoast SEO plugin v27.1.1 - https:\/\/yoast.com\/product\/yoast-seo-wordpress\/ -->\n<title>Nova web VIVIM - Vivim Immobili\u00e0ria<\/title>\n<meta name=\"robots\" content=\"index, follow, max-snippet:-1, max-image-preview:large, max-video-preview:-1\" \/>\n<link rel=\"canonical\" href=\"https:\/\/vivim.es\/ca\/nueva-web-vivim\/\" \/>\n<meta property=\"og:locale\" content=\"ca_ES\" \/>\n<meta property=\"og:type\" content=\"article\" \/>\n<meta property=\"og:title\" content=\"Nova web VIVIM - Vivim Immobili\u00e0ria\" \/>\n<meta property=\"og:description\" content=\"A Vivim estem d&#8217;enhorabona! Coincidint amb l&#8217;entrada de l&#8217;estiu, estrenem nova web amb un disseny m\u00e9s funcional, modern i atractiu. Aprofitem el llan\u00e7ament de la web per a anunciar una nova etapa de creixement de l&#8217;empresa. En tot just unes setmanes, comptarem amb deu promocions en construcci\u00f3 paral\u00b7lelament, la qual cosa suposar\u00e0 una oferta de [&hellip;]\" \/>\n<meta property=\"og:url\" content=\"https:\/\/vivim.es\/ca\/nueva-web-vivim\/\" \/>\n<meta property=\"og:site_name\" content=\"Vivim Immobili\u00e0ria\" \/>\n<meta property=\"article:published_time\" content=\"2022-06-07T14:02:52+00:00\" \/>\n<meta property=\"article:modified_time\" content=\"2022-06-07T14:04:24+00:00\" \/>\n<meta property=\"og:image\" content=\"https:\/\/vivim.es\/wp-content\/uploads\/2022\/06\/7_nova-web1.jpg\" \/>\n\t<meta property=\"og:image:width\" content=\"1899\" \/>\n\t<meta property=\"og:image:height\" content=\"941\" \/>\n\t<meta property=\"og:image:type\" content=\"image\/jpeg\" \/>\n<meta name=\"author\" content=\"admin\" \/>\n<meta name=\"twitter:card\" content=\"summary_large_image\" \/>\n<meta name=\"twitter:label1\" content=\"Escrit per\" \/>\n\t<meta name=\"twitter:data1\" content=\"admin\" \/>\n\t<meta name=\"twitter:label2\" content=\"Temps estimat de lectura\" \/>\n\t<meta name=\"twitter:data2\" content=\"1 minut\" \/>\n<script type=\"application\/ld+json\" class=\"yoast-schema-graph\">{\"@context\":\"https:\/\/schema.org\",\"@graph\":[{\"@type\":\"Article\",\"@id\":\"https:\/\/vivim.es\/ca\/nueva-web-vivim\/#article\",\"isPartOf\":{\"@id\":\"https:\/\/vivim.es\/ca\/nueva-web-vivim\/\"},\"author\":{\"name\":\"admin\",\"@id\":\"https:\/\/vivim.es\/ca\/#\/schema\/person\/b1928ce50780bf7fdc399eb8eb79dc36\"},\"headline\":\"Nova web VIVIM\",\"datePublished\":\"2022-06-07T14:02:52+00:00\",\"dateModified\":\"2022-06-07T14:04:24+00:00\",\"mainEntityOfPage\":{\"@id\":\"https:\/\/vivim.es\/ca\/nueva-web-vivim\/\"},\"wordCount\":265,\"commentCount\":0,\"publisher\":{\"@id\":\"https:\/\/vivim.es\/ca\/#organization\"},\"image\":{\"@id\":\"https:\/\/vivim.es\/ca\/nueva-web-vivim\/#primaryimage\"},\"thumbnailUrl\":\"https:\/\/vivim.es\/wp-content\/uploads\/2022\/06\/7_nova-web1.jpg\",\"articleSection\":[\"Uncategorized @ca\"],\"inLanguage\":\"ca\",\"potentialAction\":[{\"@type\":\"CommentAction\",\"name\":\"Comment\",\"target\":[\"https:\/\/vivim.es\/ca\/nueva-web-vivim\/#respond\"]}]},{\"@type\":\"WebPage\",\"@id\":\"https:\/\/vivim.es\/ca\/nueva-web-vivim\/\",\"url\":\"https:\/\/vivim.es\/ca\/nueva-web-vivim\/\",\"name\":\"Nova web VIVIM - Vivim Immobili\u00e0ria\",\"isPartOf\":{\"@id\":\"https:\/\/vivim.es\/ca\/#website\"},\"primaryImageOfPage\":{\"@id\":\"https:\/\/vivim.es\/ca\/nueva-web-vivim\/#primaryimage\"},\"image\":{\"@id\":\"https:\/\/vivim.es\/ca\/nueva-web-vivim\/#primaryimage\"},\"thumbnailUrl\":\"https:\/\/vivim.es\/wp-content\/uploads\/2022\/06\/7_nova-web1.jpg\",\"datePublished\":\"2022-06-07T14:02:52+00:00\",\"dateModified\":\"2022-06-07T14:04:24+00:00\",\"breadcrumb\":{\"@id\":\"https:\/\/vivim.es\/ca\/nueva-web-vivim\/#breadcrumb\"},\"inLanguage\":\"ca\",\"potentialAction\":[{\"@type\":\"ReadAction\",\"target\":[\"https:\/\/vivim.es\/ca\/nueva-web-vivim\/\"]}]},{\"@type\":\"ImageObject\",\"inLanguage\":\"ca\",\"@id\":\"https:\/\/vivim.es\/ca\/nueva-web-vivim\/#primaryimage\",\"url\":\"https:\/\/vivim.es\/wp-content\/uploads\/2022\/06\/7_nova-web1.jpg\",\"contentUrl\":\"https:\/\/vivim.es\/wp-content\/uploads\/2022\/06\/7_nova-web1.jpg\",\"width\":1899,\"height\":941},{\"@type\":\"BreadcrumbList\",\"@id\":\"https:\/\/vivim.es\/ca\/nueva-web-vivim\/#breadcrumb\",\"itemListElement\":[{\"@type\":\"ListItem\",\"position\":1,\"name\":\"Portada\",\"item\":\"https:\/\/vivim.es\/ca\/\"},{\"@type\":\"ListItem\",\"position\":2,\"name\":\"Nova web VIVIM\"}]},{\"@type\":\"WebSite\",\"@id\":\"https:\/\/vivim.es\/ca\/#website\",\"url\":\"https:\/\/vivim.es\/ca\/\",\"name\":\"Vivim Immobili\u00e0ria\",\"description\":\"Promotora d\u2019edificacions residencials\",\"publisher\":{\"@id\":\"https:\/\/vivim.es\/ca\/#organization\"},\"potentialAction\":[{\"@type\":\"SearchAction\",\"target\":{\"@type\":\"EntryPoint\",\"urlTemplate\":\"https:\/\/vivim.es\/ca\/?s={search_term_string}\"},\"query-input\":{\"@type\":\"PropertyValueSpecification\",\"valueRequired\":true,\"valueName\":\"search_term_string\"}}],\"inLanguage\":\"ca\"},{\"@type\":\"Organization\",\"@id\":\"https:\/\/vivim.es\/ca\/#organization\",\"name\":\"Vivim Immobili\u00e0ria\",\"url\":\"https:\/\/vivim.es\/ca\/\",\"logo\":{\"@type\":\"ImageObject\",\"inLanguage\":\"ca\",\"@id\":\"https:\/\/vivim.es\/ca\/#\/schema\/logo\/image\/\",\"url\":\"https:\/\/vivim.es\/wp-content\/uploads\/2022\/05\/vivim-logo.png\",\"contentUrl\":\"https:\/\/vivim.es\/wp-content\/uploads\/2022\/05\/vivim-logo.png\",\"width\":411,\"height\":224,\"caption\":\"Vivim Immobili\u00e0ria\"},\"image\":{\"@id\":\"https:\/\/vivim.es\/ca\/#\/schema\/logo\/image\/\"}},{\"@type\":\"Person\",\"@id\":\"https:\/\/vivim.es\/ca\/#\/schema\/person\/b1928ce50780bf7fdc399eb8eb79dc36\",\"name\":\"admin\",\"sameAs\":[\"https:\/\/vivim.es\"],\"url\":\"https:\/\/vivim.es\/ca\/author\/lagrafica\/\"}]}<\/script>\n<!-- \/ Yoast SEO plugin. -->","yoast_head_json":{"title":"Nova web VIVIM - Vivim Immobili\u00e0ria","robots":{"index":"index","follow":"follow","max-snippet":"max-snippet:-1","max-image-preview":"max-image-preview:large","max-video-preview":"max-video-preview:-1"},"canonical":"https:\/\/vivim.es\/ca\/nueva-web-vivim\/","og_locale":"ca_ES","og_type":"article","og_title":"Nova web VIVIM - Vivim Immobili\u00e0ria","og_description":"A Vivim estem d&#8217;enhorabona! Coincidint amb l&#8217;entrada de l&#8217;estiu, estrenem nova web amb un disseny m\u00e9s funcional, modern i atractiu. Aprofitem el llan\u00e7ament de la web per a anunciar una nova etapa de creixement de l&#8217;empresa. En tot just unes setmanes, comptarem amb deu promocions en construcci\u00f3 paral\u00b7lelament, la qual cosa suposar\u00e0 una oferta de [&hellip;]","og_url":"https:\/\/vivim.es\/ca\/nueva-web-vivim\/","og_site_name":"Vivim Immobili\u00e0ria","article_published_time":"2022-06-07T14:02:52+00:00","article_modified_time":"2022-06-07T14:04:24+00:00","og_image":[{"width":1899,"height":941,"url":"https:\/\/vivim.es\/wp-content\/uploads\/2022\/06\/7_nova-web1.jpg","type":"image\/jpeg"}],"author":"admin","twitter_card":"summary_large_image","twitter_misc":{"Escrit per":"admin","Temps estimat de lectura":"1 minut"},"schema":{"@context":"https:\/\/schema.org","@graph":[{"@type":"Article","@id":"https:\/\/vivim.es\/ca\/nueva-web-vivim\/#article","isPartOf":{"@id":"https:\/\/vivim.es\/ca\/nueva-web-vivim\/"},"author":{"name":"admin","@id":"https:\/\/vivim.es\/ca\/#\/schema\/person\/b1928ce50780bf7fdc399eb8eb79dc36"},"headline":"Nova web VIVIM","datePublished":"2022-06-07T14:02:52+00:00","dateModified":"2022-06-07T14:04:24+00:00","mainEntityOfPage":{"@id":"https:\/\/vivim.es\/ca\/nueva-web-vivim\/"},"wordCount":265,"commentCount":0,"publisher":{"@id":"https:\/\/vivim.es\/ca\/#organization"},"image":{"@id":"https:\/\/vivim.es\/ca\/nueva-web-vivim\/#primaryimage"},"thumbnailUrl":"https:\/\/vivim.es\/wp-content\/uploads\/2022\/06\/7_nova-web1.jpg","articleSection":["Uncategorized @ca"],"inLanguage":"ca","potentialAction":[{"@type":"CommentAction","name":"Comment","target":["https:\/\/vivim.es\/ca\/nueva-web-vivim\/#respond"]}]},{"@type":"WebPage","@id":"https:\/\/vivim.es\/ca\/nueva-web-vivim\/","url":"https:\/\/vivim.es\/ca\/nueva-web-vivim\/","name":"Nova web VIVIM - Vivim Immobili\u00e0ria","isPartOf":{"@id":"https:\/\/vivim.es\/ca\/#website"},"primaryImageOfPage":{"@id":"https:\/\/vivim.es\/ca\/nueva-web-vivim\/#primaryimage"},"image":{"@id":"https:\/\/vivim.es\/ca\/nueva-web-vivim\/#primaryimage"},"thumbnailUrl":"https:\/\/vivim.es\/wp-content\/uploads\/2022\/06\/7_nova-web1.jpg","datePublished":"2022-06-07T14:02:52+00:00","dateModified":"2022-06-07T14:04:24+00:00","breadcrumb":{"@id":"https:\/\/vivim.es\/ca\/nueva-web-vivim\/#breadcrumb"},"inLanguage":"ca","potentialAction":[{"@type":"ReadAction","target":["https:\/\/vivim.es\/ca\/nueva-web-vivim\/"]}]},{"@type":"ImageObject","inLanguage":"ca","@id":"https:\/\/vivim.es\/ca\/nueva-web-vivim\/#primaryimage","url":"https:\/\/vivim.es\/wp-content\/uploads\/2022\/06\/7_nova-web1.jpg","contentUrl":"https:\/\/vivim.es\/wp-content\/uploads\/2022\/06\/7_nova-web1.jpg","width":1899,"height":941},{"@type":"BreadcrumbList","@id":"https:\/\/vivim.es\/ca\/nueva-web-vivim\/#breadcrumb","itemListElement":[{"@type":"ListItem","position":1,"name":"Portada","item":"https:\/\/vivim.es\/ca\/"},{"@type":"ListItem","position":2,"name":"Nova web VIVIM"}]},{"@type":"WebSite","@id":"https:\/\/vivim.es\/ca\/#website","url":"https:\/\/vivim.es\/ca\/","name":"Vivim Immobili\u00e0ria","description":"Promotora d\u2019edificacions residencials","publisher":{"@id":"https:\/\/vivim.es\/ca\/#organization"},"potentialAction":[{"@type":"SearchAction","target":{"@type":"EntryPoint","urlTemplate":"https:\/\/vivim.es\/ca\/?s={search_term_string}"},"query-input":{"@type":"PropertyValueSpecification","valueRequired":true,"valueName":"search_term_string"}}],"inLanguage":"ca"},{"@type":"Organization","@id":"https:\/\/vivim.es\/ca\/#organization","name":"Vivim Immobili\u00e0ria","url":"https:\/\/vivim.es\/ca\/","logo":{"@type":"ImageObject","inLanguage":"ca","@id":"https:\/\/vivim.es\/ca\/#\/schema\/logo\/image\/","url":"https:\/\/vivim.es\/wp-content\/uploads\/2022\/05\/vivim-logo.png","contentUrl":"https:\/\/vivim.es\/wp-content\/uploads\/2022\/05\/vivim-logo.png","width":411,"height":224,"caption":"Vivim Immobili\u00e0ria"},"image":{"@id":"https:\/\/vivim.es\/ca\/#\/schema\/logo\/image\/"}},{"@type":"Person","@id":"https:\/\/vivim.es\/ca\/#\/schema\/person\/b1928ce50780bf7fdc399eb8eb79dc36","name":"admin","sameAs":["https:\/\/vivim.es"],"url":"https:\/\/vivim.es\/ca\/author\/lagrafica\/"}]}},"_links":{"self":[{"href":"https:\/\/vivim.es\/ca\/wp-json\/wp\/v2\/posts\/3421","targetHints":{"allow":["GET"]}}],"collection":[{"href":"https:\/\/vivim.es\/ca\/wp-json\/wp\/v2\/posts"}],"about":[{"href":"https:\/\/vivim.es\/ca\/wp-json\/wp\/v2\/types\/post"}],"author":[{"embeddable":true,"href":"https:\/\/vivim.es\/ca\/wp-json\/wp\/v2\/users\/1"}],"replies":[{"embeddable":true,"href":"https:\/\/vivim.es\/ca\/wp-json\/wp\/v2\/comments?post=3421"}],"version-history":[{"count":1,"href":"https:\/\/vivim.es\/ca\/wp-json\/wp\/v2\/posts\/3421\/revisions"}],"predecessor-version":[{"id":3422,"href":"https:\/\/vivim.es\/ca\/wp-json\/wp\/v2\/posts\/3421\/revisions\/3422"}],"wp:featuredmedia":[{"embeddable":true,"href":"https:\/\/vivim.es\/ca\/wp-json\/wp\/v2\/media\/3415"}],"wp:attachment":[{"href":"https:\/\/vivim.es\/ca\/wp-json\/wp\/v2\/media?parent=3421"}],"wp:term":[{"taxonomy":"category","embeddable":true,"href":"https:\/\/vivim.es\/ca\/wp-json\/wp\/v2\/categories?post=3421"},{"taxonomy":"post_tag","embeddable":true,"href":"https:\/\/vivim.es\/ca\/wp-json\/wp\/v2\/tags?post=3421"}],"curies":[{"name":"wp","href":"https:\/\/api.w.org\/{rel}","templated":true}]}}